{"id":2259,"date":"2025-11-10T20:53:10","date_gmt":"2025-11-10T19:53:10","guid":{"rendered":"https:\/\/sklv-aspe-asma.ch\/?p=2259"},"modified":"2025-11-10T21:02:03","modified_gmt":"2025-11-10T20:02:03","slug":"ag-2025","status":"publish","type":"post","link":"https:\/\/sklv-aspe-asma.ch\/?p=2259&lang=fr","title":{"rendered":"AG 2025"},"content":{"rendered":"<p class=\"m_2253893145128451227gmail-mb-2\">Le 10 octobre 2025, l&#8217;ASPE s&#8217;est r\u00e9unie dans le village d&#8217;Arbaz, en Valais, pour sa traditionnelle assembl\u00e9e g\u00e9n\u00e9rale.<u><\/u><u><\/u><\/p>\n<p class=\"m_2253893145128451227gmail-mb-2\">L&#8217;assembl\u00e9e a \u00e9t\u00e9 pr\u00e9c\u00e9d\u00e9e d&#8217;une formation continue, offerte, \u00e0 laquelle ont particip\u00e9 12 de nos membres. Cette journ\u00e9e, ax\u00e9e sur le th\u00e8me des premiers secours, a \u00e9t\u00e9 coordonn\u00e9e par notre membre et r\u00e9gional de l\u2019\u00e9tape, Fran\u00e7ois Mathey \u2014 guide de montagne, ambulancier dipl\u00f4m\u00e9 ES, et sauveteur sp\u00e9cialis\u00e9 chez Air Glaciers. Il \u00e9tait accompagn\u00e9 de deux de ses coll\u00e8gues secouristes chez Air Glaciers : Anne-Sarah Lavanchy, m\u00e9decin FMH et membre du groupe GRIMM, ainsi que Christophe Berclaz, \u00e9galement guide de montagne et sauveteur sp\u00e9cialis\u00e9 \u00e0 l\u2019OCVS.<br \/>\nLe programme de la formation a altern\u00e9 entre des modules th\u00e9oriques et des ateliers pratiques, avec des exercices allant de la pose d\u2019attelles aux techniques de secours en parois. La qualit\u00e9 de la formation a \u00e9t\u00e9 unanimement salu\u00e9e par l\u2019ensemble des participants.<u><\/u><u><\/u><\/p>\n<p class=\"m_2253893145128451227gmail-mb-2\">Par la suite, notre assembl\u00e9e g\u00e9n\u00e9rale a permis des \u00e9changes enrichissants, notamment avec le nouveau chef technique en charge de la formation des professeurs d\u2019escalade ASGM, Armando Bodeo, intervenant en direct depuis Las Vegas !<br \/>\nL\u2019assembl\u00e9e s\u2019est cl\u00f4tur\u00e9e par un discours de M. Henry Hess, conseiller communal, qui a \u00e9galement r\u00e9dig\u00e9 un article \u00e0 ce sujet dans le journal local. La journ\u00e9e s&#8217;est termin\u00e9e par un agr\u00e9able moment de convivialit\u00e9 autour de l\u2019ap\u00e9ritif offert par la commune d\u2019Arbaz.<u><\/u><u><\/u><\/p>\n<p class=\"m_2253893145128451227gmail-mb-2\">Nous esp\u00e9rons vous retrouver aussi nombreux lors de notre assembl\u00e9e g\u00e9n\u00e9rale 2026 !<\/p>\n","protected":false},"excerpt":{"rendered":"<p>Le 10 octobre 2025, l&#8217;ASPE s&#8217;est r\u00e9unie dans le village d&#8217;Arbaz, en Valais, pour sa traditionnelle assembl\u00e9e g\u00e9n\u00e9rale. L&#8217;assembl\u00e9e a \u00e9t\u00e9 pr\u00e9c\u00e9d\u00e9e d&#8217;une formation continue, offerte, \u00e0 laquelle ont particip\u00e9 12 de nos membres. Cette journ\u00e9e, ax\u00e9e sur le th\u00e8me des premiers secours, a \u00e9t\u00e9 coordonn\u00e9e par notre membre et r\u00e9gional de l\u2019\u00e9tape, Fran\u00e7ois Mathey [&hellip;]<\/p>\n","protected":false},"author":75,"featured_media":2260,"comment_status":"closed","ping_status":"closed","sticky":false,"template":"","format":"standard","meta":{"footnotes":""},"categories":[341,320],"tags":[],"class_list":["post-2259","post","type-post","status-publish","format-standard","has-post-thumbnail","hentry","category-last-news-fr","category-news-fr"],"yoast_head":"<!-- This site is optimized with the Yoast SEO plugin v26.8 - https:\/\/yoast.com\/product\/yoast-seo-wordpress\/ -->\n<title>AG 2025 - sklv-aspe-asma.ch<\/title>\n<meta name=\"robots\" content=\"index, follow, max-snippet:-1, max-image-preview:large, max-video-preview:-1\" \/>\n<link rel=\"canonical\" href=\"https:\/\/sklv-aspe-asma.ch\/?p=2259&lang=fr\" \/>\n<meta property=\"og:locale\" content=\"de_DE\" \/>\n<meta property=\"og:type\" content=\"article\" \/>\n<meta property=\"og:title\" content=\"AG 2025 - sklv-aspe-asma.ch\" \/>\n<meta property=\"og:description\" content=\"Le 10 octobre 2025, l&#8217;ASPE s&#8217;est r\u00e9unie dans le village d&#8217;Arbaz, en Valais, pour sa traditionnelle assembl\u00e9e g\u00e9n\u00e9rale. L&#8217;assembl\u00e9e a \u00e9t\u00e9 pr\u00e9c\u00e9d\u00e9e d&#8217;une formation continue, offerte, \u00e0 laquelle ont particip\u00e9 12 de nos membres. Cette journ\u00e9e, ax\u00e9e sur le th\u00e8me des premiers secours, a \u00e9t\u00e9 coordonn\u00e9e par notre membre et r\u00e9gional de l\u2019\u00e9tape, Fran\u00e7ois Mathey [&hellip;]\" \/>\n<meta property=\"og:url\" content=\"https:\/\/sklv-aspe-asma.ch\/?p=2259&amp;lang=fr\" \/>\n<meta property=\"og:site_name\" content=\"sklv-aspe-asma.ch\" \/>\n<meta property=\"article:published_time\" content=\"2025-11-10T19:53:10+00:00\" \/>\n<meta property=\"article:modified_time\" content=\"2025-11-10T20:02:03+00:00\" \/>\n<meta property=\"og:image\" content=\"https:\/\/sklv-aspe-asma.ch\/wp-content\/uploads\/2025\/11\/IMG-20251104-WA0001-scaled.jpg\" \/>\n\t<meta property=\"og:image:width\" content=\"2227\" \/>\n\t<meta property=\"og:image:height\" content=\"1440\" \/>\n\t<meta property=\"og:image:type\" content=\"image\/jpeg\" \/>\n<meta name=\"author\" content=\"Association Suisse des Professeurs d&#039;Escalade\" \/>\n<meta name=\"twitter:card\" content=\"summary_large_image\" \/>\n<meta name=\"twitter:label1\" content=\"Verfasst von\" \/>\n\t<meta name=\"twitter:data1\" content=\"Association Suisse des Professeurs d&#039;Escalade\" \/>\n\t<meta name=\"twitter:label2\" content=\"Gesch\u00e4tzte Lesezeit\" \/>\n\t<meta name=\"twitter:data2\" content=\"2\u00a0Minuten\" \/>\n<script type=\"application\/ld+json\" class=\"yoast-schema-graph\">{\"@context\":\"https:\/\/schema.org\",\"@graph\":[{\"@type\":\"Article\",\"@id\":\"https:\/\/sklv-aspe-asma.ch\/?p=2259&lang=fr#article\",\"isPartOf\":{\"@id\":\"https:\/\/sklv-aspe-asma.ch\/?p=2259&lang=fr\"},\"author\":{\"name\":\"Association Suisse des Professeurs d'Escalade\",\"@id\":\"http:\/\/sklv-aspe-asma.ch\/?lang=en\/#\/schema\/person\/22b9e636d1212f3b4c33e7745215dab1\"},\"headline\":\"AG 2025\",\"datePublished\":\"2025-11-10T19:53:10+00:00\",\"dateModified\":\"2025-11-10T20:02:03+00:00\",\"mainEntityOfPage\":{\"@id\":\"https:\/\/sklv-aspe-asma.ch\/?p=2259&lang=fr\"},\"wordCount\":271,\"publisher\":{\"@id\":\"http:\/\/sklv-aspe-asma.ch\/?lang=en\/#organization\"},\"image\":{\"@id\":\"https:\/\/sklv-aspe-asma.ch\/?p=2259&lang=fr#primaryimage\"},\"thumbnailUrl\":\"https:\/\/sklv-aspe-asma.ch\/wp-content\/uploads\/2025\/11\/IMG-20251104-WA0001-scaled.jpg\",\"articleSection\":[\"last-news-fr\",\"news-fr\"],\"inLanguage\":\"de\"},{\"@type\":\"WebPage\",\"@id\":\"https:\/\/sklv-aspe-asma.ch\/?p=2259&lang=fr\",\"url\":\"https:\/\/sklv-aspe-asma.ch\/?p=2259&lang=fr\",\"name\":\"AG 2025 - sklv-aspe-asma.ch\",\"isPartOf\":{\"@id\":\"http:\/\/sklv-aspe-asma.ch\/?lang=en\/#website\"},\"primaryImageOfPage\":{\"@id\":\"https:\/\/sklv-aspe-asma.ch\/?p=2259&lang=fr#primaryimage\"},\"image\":{\"@id\":\"https:\/\/sklv-aspe-asma.ch\/?p=2259&lang=fr#primaryimage\"},\"thumbnailUrl\":\"https:\/\/sklv-aspe-asma.ch\/wp-content\/uploads\/2025\/11\/IMG-20251104-WA0001-scaled.jpg\",\"datePublished\":\"2025-11-10T19:53:10+00:00\",\"dateModified\":\"2025-11-10T20:02:03+00:00\",\"breadcrumb\":{\"@id\":\"https:\/\/sklv-aspe-asma.ch\/?p=2259&lang=fr#breadcrumb\"},\"inLanguage\":\"de\",\"potentialAction\":[{\"@type\":\"ReadAction\",\"target\":[\"https:\/\/sklv-aspe-asma.ch\/?p=2259&lang=fr\"]}]},{\"@type\":\"ImageObject\",\"inLanguage\":\"de\",\"@id\":\"https:\/\/sklv-aspe-asma.ch\/?p=2259&lang=fr#primaryimage\",\"url\":\"https:\/\/sklv-aspe-asma.ch\/wp-content\/uploads\/2025\/11\/IMG-20251104-WA0001-scaled.jpg\",\"contentUrl\":\"https:\/\/sklv-aspe-asma.ch\/wp-content\/uploads\/2025\/11\/IMG-20251104-WA0001-scaled.jpg\",\"width\":2227,\"height\":1440},{\"@type\":\"BreadcrumbList\",\"@id\":\"https:\/\/sklv-aspe-asma.ch\/?p=2259&lang=fr#breadcrumb\",\"itemListElement\":[{\"@type\":\"ListItem\",\"position\":1,\"name\":\"Accueil\",\"item\":\"https:\/\/sklv-aspe-asma.ch\/\"},{\"@type\":\"ListItem\",\"position\":2,\"name\":\"AG 2025\"}]},{\"@type\":\"WebSite\",\"@id\":\"http:\/\/sklv-aspe-asma.ch\/?lang=en\/#website\",\"url\":\"http:\/\/sklv-aspe-asma.ch\/?lang=en\/\",\"name\":\"rockguides.ch\",\"description\":\"Schweizer Kletterlehrerverband\",\"publisher\":{\"@id\":\"http:\/\/sklv-aspe-asma.ch\/?lang=en\/#organization\"},\"potentialAction\":[{\"@type\":\"SearchAction\",\"target\":{\"@type\":\"EntryPoint\",\"urlTemplate\":\"http:\/\/sklv-aspe-asma.ch\/?lang=en\/?s={search_term_string}\"},\"query-input\":{\"@type\":\"PropertyValueSpecification\",\"valueRequired\":true,\"valueName\":\"search_term_string\"}}],\"inLanguage\":\"de\"},{\"@type\":\"Organization\",\"@id\":\"http:\/\/sklv-aspe-asma.ch\/?lang=en\/#organization\",\"name\":\"Swiss Rock Guides Association\",\"url\":\"http:\/\/sklv-aspe-asma.ch\/?lang=en\/\",\"logo\":{\"@type\":\"ImageObject\",\"inLanguage\":\"de\",\"@id\":\"http:\/\/sklv-aspe-asma.ch\/?lang=en\/#\/schema\/logo\/image\/\",\"url\":\"https:\/\/www.rockguides.ch\/wp-content\/uploads\/2018\/11\/logo-rockguides.ch_.png\",\"contentUrl\":\"https:\/\/www.rockguides.ch\/wp-content\/uploads\/2018\/11\/logo-rockguides.ch_.png\",\"width\":261,\"height\":70,\"caption\":\"Swiss Rock Guides Association\"},\"image\":{\"@id\":\"http:\/\/sklv-aspe-asma.ch\/?lang=en\/#\/schema\/logo\/image\/\"}},{\"@type\":\"Person\",\"@id\":\"http:\/\/sklv-aspe-asma.ch\/?lang=en\/#\/schema\/person\/22b9e636d1212f3b4c33e7745215dab1\",\"name\":\"Association Suisse des Professeurs d'Escalade\",\"image\":{\"@type\":\"ImageObject\",\"inLanguage\":\"de\",\"@id\":\"http:\/\/sklv-aspe-asma.ch\/?lang=en\/#\/schema\/person\/image\/\",\"url\":\"https:\/\/secure.gravatar.com\/avatar\/8e334ced4361985a6cea76da53fb3b5c?s=96&d=mm&r=g\",\"contentUrl\":\"https:\/\/secure.gravatar.com\/avatar\/8e334ced4361985a6cea76da53fb3b5c?s=96&d=mm&r=g\",\"caption\":\"Association Suisse des Professeurs d'Escalade\"}}]}<\/script>\n<!-- \/ Yoast SEO plugin. -->","yoast_head_json":{"title":"AG 2025 - sklv-aspe-asma.ch","robots":{"index":"index","follow":"follow","max-snippet":"max-snippet:-1","max-image-preview":"max-image-preview:large","max-video-preview":"max-video-preview:-1"},"canonical":"https:\/\/sklv-aspe-asma.ch\/?p=2259&lang=fr","og_locale":"de_DE","og_type":"article","og_title":"AG 2025 - sklv-aspe-asma.ch","og_description":"Le 10 octobre 2025, l&#8217;ASPE s&#8217;est r\u00e9unie dans le village d&#8217;Arbaz, en Valais, pour sa traditionnelle assembl\u00e9e g\u00e9n\u00e9rale. L&#8217;assembl\u00e9e a \u00e9t\u00e9 pr\u00e9c\u00e9d\u00e9e d&#8217;une formation continue, offerte, \u00e0 laquelle ont particip\u00e9 12 de nos membres. Cette journ\u00e9e, ax\u00e9e sur le th\u00e8me des premiers secours, a \u00e9t\u00e9 coordonn\u00e9e par notre membre et r\u00e9gional de l\u2019\u00e9tape, Fran\u00e7ois Mathey [&hellip;]","og_url":"https:\/\/sklv-aspe-asma.ch\/?p=2259&lang=fr","og_site_name":"sklv-aspe-asma.ch","article_published_time":"2025-11-10T19:53:10+00:00","article_modified_time":"2025-11-10T20:02:03+00:00","og_image":[{"width":2227,"height":1440,"url":"https:\/\/sklv-aspe-asma.ch\/wp-content\/uploads\/2025\/11\/IMG-20251104-WA0001-scaled.jpg","type":"image\/jpeg"}],"author":"Association Suisse des Professeurs d'Escalade","twitter_card":"summary_large_image","twitter_misc":{"Verfasst von":"Association Suisse des Professeurs d'Escalade","Gesch\u00e4tzte Lesezeit":"2\u00a0Minuten"},"schema":{"@context":"https:\/\/schema.org","@graph":[{"@type":"Article","@id":"https:\/\/sklv-aspe-asma.ch\/?p=2259&lang=fr#article","isPartOf":{"@id":"https:\/\/sklv-aspe-asma.ch\/?p=2259&lang=fr"},"author":{"name":"Association Suisse des Professeurs d'Escalade","@id":"http:\/\/sklv-aspe-asma.ch\/?lang=en\/#\/schema\/person\/22b9e636d1212f3b4c33e7745215dab1"},"headline":"AG 2025","datePublished":"2025-11-10T19:53:10+00:00","dateModified":"2025-11-10T20:02:03+00:00","mainEntityOfPage":{"@id":"https:\/\/sklv-aspe-asma.ch\/?p=2259&lang=fr"},"wordCount":271,"publisher":{"@id":"http:\/\/sklv-aspe-asma.ch\/?lang=en\/#organization"},"image":{"@id":"https:\/\/sklv-aspe-asma.ch\/?p=2259&lang=fr#primaryimage"},"thumbnailUrl":"https:\/\/sklv-aspe-asma.ch\/wp-content\/uploads\/2025\/11\/IMG-20251104-WA0001-scaled.jpg","articleSection":["last-news-fr","news-fr"],"inLanguage":"de"},{"@type":"WebPage","@id":"https:\/\/sklv-aspe-asma.ch\/?p=2259&lang=fr","url":"https:\/\/sklv-aspe-asma.ch\/?p=2259&lang=fr","name":"AG 2025 - sklv-aspe-asma.ch","isPartOf":{"@id":"http:\/\/sklv-aspe-asma.ch\/?lang=en\/#website"},"primaryImageOfPage":{"@id":"https:\/\/sklv-aspe-asma.ch\/?p=2259&lang=fr#primaryimage"},"image":{"@id":"https:\/\/sklv-aspe-asma.ch\/?p=2259&lang=fr#primaryimage"},"thumbnailUrl":"https:\/\/sklv-aspe-asma.ch\/wp-content\/uploads\/2025\/11\/IMG-20251104-WA0001-scaled.jpg","datePublished":"2025-11-10T19:53:10+00:00","dateModified":"2025-11-10T20:02:03+00:00","breadcrumb":{"@id":"https:\/\/sklv-aspe-asma.ch\/?p=2259&lang=fr#breadcrumb"},"inLanguage":"de","potentialAction":[{"@type":"ReadAction","target":["https:\/\/sklv-aspe-asma.ch\/?p=2259&lang=fr"]}]},{"@type":"ImageObject","inLanguage":"de","@id":"https:\/\/sklv-aspe-asma.ch\/?p=2259&lang=fr#primaryimage","url":"https:\/\/sklv-aspe-asma.ch\/wp-content\/uploads\/2025\/11\/IMG-20251104-WA0001-scaled.jpg","contentUrl":"https:\/\/sklv-aspe-asma.ch\/wp-content\/uploads\/2025\/11\/IMG-20251104-WA0001-scaled.jpg","width":2227,"height":1440},{"@type":"BreadcrumbList","@id":"https:\/\/sklv-aspe-asma.ch\/?p=2259&lang=fr#breadcrumb","itemListElement":[{"@type":"ListItem","position":1,"name":"Accueil","item":"https:\/\/sklv-aspe-asma.ch\/"},{"@type":"ListItem","position":2,"name":"AG 2025"}]},{"@type":"WebSite","@id":"http:\/\/sklv-aspe-asma.ch\/?lang=en\/#website","url":"http:\/\/sklv-aspe-asma.ch\/?lang=en\/","name":"rockguides.ch","description":"Schweizer Kletterlehrerverband","publisher":{"@id":"http:\/\/sklv-aspe-asma.ch\/?lang=en\/#organization"},"potentialAction":[{"@type":"SearchAction","target":{"@type":"EntryPoint","urlTemplate":"http:\/\/sklv-aspe-asma.ch\/?lang=en\/?s={search_term_string}"},"query-input":{"@type":"PropertyValueSpecification","valueRequired":true,"valueName":"search_term_string"}}],"inLanguage":"de"},{"@type":"Organization","@id":"http:\/\/sklv-aspe-asma.ch\/?lang=en\/#organization","name":"Swiss Rock Guides Association","url":"http:\/\/sklv-aspe-asma.ch\/?lang=en\/","logo":{"@type":"ImageObject","inLanguage":"de","@id":"http:\/\/sklv-aspe-asma.ch\/?lang=en\/#\/schema\/logo\/image\/","url":"https:\/\/www.rockguides.ch\/wp-content\/uploads\/2018\/11\/logo-rockguides.ch_.png","contentUrl":"https:\/\/www.rockguides.ch\/wp-content\/uploads\/2018\/11\/logo-rockguides.ch_.png","width":261,"height":70,"caption":"Swiss Rock Guides Association"},"image":{"@id":"http:\/\/sklv-aspe-asma.ch\/?lang=en\/#\/schema\/logo\/image\/"}},{"@type":"Person","@id":"http:\/\/sklv-aspe-asma.ch\/?lang=en\/#\/schema\/person\/22b9e636d1212f3b4c33e7745215dab1","name":"Association Suisse des Professeurs d'Escalade","image":{"@type":"ImageObject","inLanguage":"de","@id":"http:\/\/sklv-aspe-asma.ch\/?lang=en\/#\/schema\/person\/image\/","url":"https:\/\/secure.gravatar.com\/avatar\/8e334ced4361985a6cea76da53fb3b5c?s=96&d=mm&r=g","contentUrl":"https:\/\/secure.gravatar.com\/avatar\/8e334ced4361985a6cea76da53fb3b5c?s=96&d=mm&r=g","caption":"Association Suisse des Professeurs d'Escalade"}}]}},"_links":{"self":[{"href":"https:\/\/sklv-aspe-asma.ch\/index.php?rest_route=\/wp\/v2\/posts\/2259","targetHints":{"allow":["GET"]}}],"collection":[{"href":"https:\/\/sklv-aspe-asma.ch\/index.php?rest_route=\/wp\/v2\/posts"}],"about":[{"href":"https:\/\/sklv-aspe-asma.ch\/index.php?rest_route=\/wp\/v2\/types\/post"}],"author":[{"embeddable":true,"href":"https:\/\/sklv-aspe-asma.ch\/index.php?rest_route=\/wp\/v2\/users\/75"}],"replies":[{"embeddable":true,"href":"https:\/\/sklv-aspe-asma.ch\/index.php?rest_route=%2Fwp%2Fv2%2Fcomments&post=2259"}],"version-history":[{"count":1,"href":"https:\/\/sklv-aspe-asma.ch\/index.php?rest_route=\/wp\/v2\/posts\/2259\/revisions"}],"predecessor-version":[{"id":2261,"href":"https:\/\/sklv-aspe-asma.ch\/index.php?rest_route=\/wp\/v2\/posts\/2259\/revisions\/2261"}],"wp:featuredmedia":[{"embeddable":true,"href":"https:\/\/sklv-aspe-asma.ch\/index.php?rest_route=\/wp\/v2\/media\/2260"}],"wp:attachment":[{"href":"https:\/\/sklv-aspe-asma.ch\/index.php?rest_route=%2Fwp%2Fv2%2Fmedia&parent=2259"}],"wp:term":[{"taxonomy":"category","embeddable":true,"href":"https:\/\/sklv-aspe-asma.ch\/index.php?rest_route=%2Fwp%2Fv2%2Fcategories&post=2259"},{"taxonomy":"post_tag","embeddable":true,"href":"https:\/\/sklv-aspe-asma.ch\/index.php?rest_route=%2Fwp%2Fv2%2Ftags&post=2259"}],"curies":[{"name":"wp","href":"https:\/\/api.w.org\/{rel}","templated":true}]}}